{"id":800,"date":"2022-10-25T10:16:46","date_gmt":"2022-10-25T10:16:46","guid":{"rendered":"https:\/\/tractamentdeldolor.com\/?p=800"},"modified":"2022-10-25T10:16:46","modified_gmt":"2022-10-25T10:16:46","slug":"contractura-de-dupuytren-tratamiento-mediante-ondas-de-alta-frecuencia","status":"publish","type":"post","link":"https:\/\/tractamentdeldolor.com\/es\/contractura-de-dupuytren-tratamiento-mediante-ondas-de-alta-frecuencia\/","title":{"rendered":"Contractura de Dupuytren: tratamiento no invasivo mediante ondas de alta frecuencia"},"content":{"rendered":"<p><img loading=\"lazy\" decoding=\"async\" class=\"alignnone wp-image-793 size-full\" src=\"https:\/\/tractamentdeldolor.com\/wp-content\/uploads\/2022\/10\/contractura-de-Dupuytren.jpeg\" alt=\"Contractura de Dupuytren: tratamiento no invasivo mediante ondas de alta frecuencia\" width=\"940\" height=\"788\" srcset=\"https:\/\/tractamentdeldolor.com\/wp-content\/uploads\/2022\/10\/contractura-de-Dupuytren.jpeg 940w, https:\/\/tractamentdeldolor.com\/wp-content\/uploads\/2022\/10\/contractura-de-Dupuytren-480x402.jpeg 480w\" sizes=\"(min-width: 0px) and (max-width: 480px) 480px, (min-width: 481px) 940px, 100vw\" \/><\/p>\n<p>La enfermedad de Dupuytren es una afecci\u00f3n que se caracteriza por el desarrollo de tejido fibroso proliferativo en forma de n\u00f3dulos y cuerdas que afecta a la fascia palmar, produciendo una contractura progresiva e irreversible, que provoca el cierre de la mano y dedos. Empezando por la retracci\u00f3n del dedo me\u00f1ique y el 4\u00ba dedo, acabando en la postura que se conoce por la \u201cmano del papa\u201d.<\/p>\n<p>Su nombre se debe al bar\u00f3n franc\u00e9s Guillaume Dupuytren, que en 1833 hab\u00eda descrito por primera vez la fibromatosis palmar, atribuyendo la aponeurosis palmar, la contractura y el engrosamiento de la misma que produce la retracci\u00f3n de los dedos. Su tratamiento consist\u00eda en cortar la aponeurosis fibra por fibra, dejando los dedos extendidos sobre en una tablilla.<\/p>\n<p>&nbsp;<\/p>\n<h2>Tratamiento no invasivo de efecto regenerativo para la contractura de Dupuytren<\/h2>\n<p>&nbsp;<\/p>\n<p>M\u00e1s de 100 a\u00f1os despu\u00e9s el tratamiento de elecci\u00f3n contin\u00faa siendo el quir\u00fargico, aunque con una t\u00e9cnica m\u00e1s precisa y menos lesiva; dejando la mano m\u00e1s funcional y con menos secuelas.<\/p>\n<p>Otro tratamiento utilizado a d\u00eda de hoy, es el uso de anest\u00e9sicos y enzimas colagenasas, inyectados en las cuerdas y n\u00f3dulos 24 horas antes de realizar una extensi\u00f3n forzada que rompe dichas fibras produciendo una menor retracci\u00f3n de la mano.<\/p>\n<p>En <a href=\"https:\/\/www.cesmar.es\/\" target=\"_blank\" rel=\"noopener\">Cesmar<\/a>, despu\u00e9s de 17 a\u00f1os de investigaci\u00f3n en patolog\u00eda de la mano y de la extremidad superior; hemos pautado un tratamiento no quir\u00fargico, m\u00ednimamente invasivo y sin efectos acumulativos mediante ondas de alta frecuencia que produce un <a href=\"https:\/\/tractamentdeldolor.com\" target=\"_blank\" rel=\"noopener\">efecto regenerativo en todo el tejido lesional fibr\u00f3tico de la mano<\/a>; dando la m\u00e1xima funcionalidad y mayor rendimiento a la mano.<\/p>\n<p>&nbsp;<\/p>\n","protected":false},"excerpt":{"rendered":"<p>La enfermedad de Dupuytren es una afecci&oacute;n que se caracteriza por el desarrollo de tejido fibroso proliferativo en forma de n&oacute;dulos y cuerdas que afecta a la fascia palmar, produciendo una contractura progresiva e irreversible, que provoca el cierre de la mano y dedos. Empezando por la retracci&oacute;n del dedo me&ntilde;ique y el 4&ordm; dedo, [&hellip;]<\/p>\n","protected":false},"author":1,"featured_media":793,"comment_status":"closed","ping_status":"closed","sticky":false,"template":"","format":"standard","meta":{"_et_pb_use_builder":"","_et_pb_old_content":"","_et_gb_content_width":"","footnotes":""},"categories":[47],"tags":[],"class_list":["post-800","post","type-post","status-publish","format-standard","has-post-thumbnail","hentry","category-contractura-de-dupuytren-2"],"_links":{"self":[{"href":"https:\/\/tractamentdeldolor.com\/es\/wp-json\/wp\/v2\/posts\/800","targetHints":{"allow":["GET"]}}],"collection":[{"href":"https:\/\/tractamentdeldolor.com\/es\/wp-json\/wp\/v2\/posts"}],"about":[{"href":"https:\/\/tractamentdeldolor.com\/es\/wp-json\/wp\/v2\/types\/post"}],"author":[{"embeddable":true,"href":"https:\/\/tractamentdeldolor.com\/es\/wp-json\/wp\/v2\/users\/1"}],"replies":[{"embeddable":true,"href":"https:\/\/tractamentdeldolor.com\/es\/wp-json\/wp\/v2\/comments?post=800"}],"version-history":[{"count":0,"href":"https:\/\/tractamentdeldolor.com\/es\/wp-json\/wp\/v2\/posts\/800\/revisions"}],"wp:featuredmedia":[{"embeddable":true,"href":"https:\/\/tractamentdeldolor.com\/es\/wp-json\/wp\/v2\/media\/793"}],"wp:attachment":[{"href":"https:\/\/tractamentdeldolor.com\/es\/wp-json\/wp\/v2\/media?parent=800"}],"wp:term":[{"taxonomy":"category","embeddable":true,"href":"https:\/\/tractamentdeldolor.com\/es\/wp-json\/wp\/v2\/categories?post=800"},{"taxonomy":"post_tag","embeddable":true,"href":"https:\/\/tractamentdeldolor.com\/es\/wp-json\/wp\/v2\/tags?post=800"}],"curies":[{"name":"wp","href":"https:\/\/api.w.org\/{rel}","templated":true}]}}