{"id":816,"date":"2022-12-27T10:17:03","date_gmt":"2022-12-27T10:17:03","guid":{"rendered":"https:\/\/tractamentdeldolor.com\/?p=816"},"modified":"2022-12-27T10:20:27","modified_gmt":"2022-12-27T10:20:27","slug":"mareo-cervical-y-trastornos-del-equilibrio","status":"publish","type":"post","link":"https:\/\/tractamentdeldolor.com\/es\/mareo-cervical-y-trastornos-del-equilibrio\/","title":{"rendered":"Mareo cervical y trastornos del equilibrio"},"content":{"rendered":"<p align=\"JUSTIFY\"><img loading=\"lazy\" decoding=\"async\" class=\"alignnone wp-image-818 size-full\" src=\"https:\/\/tractamentdeldolor.com\/wp-content\/uploads\/2022\/12\/mareo-cervico.png\" alt=\"Mareo c\u00e9rvico\" width=\"940\" height=\"788\" srcset=\"https:\/\/tractamentdeldolor.com\/wp-content\/uploads\/2022\/12\/mareo-cervico.png 940w, https:\/\/tractamentdeldolor.com\/wp-content\/uploads\/2022\/12\/mareo-cervico-480x402.png 480w\" sizes=\"(min-width: 0px) and (max-width: 480px) 480px, (min-width: 481px) 940px, 100vw\" \/><\/p>\n<p>Algunas personas experimentan mareos relacionados con problemas en el cuello, a los que se conoce como <strong>mareos c\u00e9rvicog\u00e9nicos<\/strong>. Es com\u00fan encontrar pacientes cuyos s\u00edntomas se pueden llegar a prologar hasta horas. El mareo c\u00e9rvico g\u00e9nico o mareo de origen cervical suele confundirse con el v\u00e9rtigo de origen vestibular. Se puede definir el mareo cervical como un dolor en el cuello acompa\u00f1ado de trastornos del equilibrio. Suelen ser provocados por una disfunci\u00f3n de la columna cervical.<\/p>\n<p>Los s\u00edntomas del mareo cervical son muy variados. En primer lugar, es necesario conocer que los s\u00edntomas del mareo cervicog\u00e9nico duran de minutos a horas. Como bien su nombre indica, las personas afectadas presentan mareos, que llegan a empeorar con determinados movimientos de la cabeza, acompa\u00f1ados de una sensaci\u00f3n de movimiento del entorno. Por tanto, los pacientes con mareos cervicog\u00e9nicos cuentan con una percepci\u00f3n de desequilibrio general. Adem\u00e1s, los mareos van acompa\u00f1ados de dolor de cabeza de origen cervical. Se presenta un dolor intenso en la cabeza, con desorientaci\u00f3n y visi\u00f3n confusa.<\/p>\n<p>Por otra parte, el rango de movimiento cervical (ROM) es limitado.<\/p>\n<p>En los casos m\u00e1s complicados, el paciente con un mareo cervicog\u00e9nico siente dificultad para caminar, estar de pie, o realizar cualquier actividad.<\/p>\n<p>Las causas de los mareos cervicog\u00e9nicos puedes ser diversas. Por un lado, puede aparecer un mareo de origen cervical por un d\u00e9ficit neuromuscular de la musculatura profunda estabilizadora del cuello, es decir, la falta de fuerza de la musculatura que forma la regi\u00f3n cervical. Tambi\u00e9n es frecuente relacionar los mareos cervicales con patolog\u00edas como la artritis, artrosis cervical, e incluso las hernias discales. Otra de las causas menos frecuente se debe a los espasmos vasculares, provocados en muchos casos por estr\u00e9s, tabaquismo, diabetes; a latigazos cervicales o por traumatismos.<\/p>\n<p>Por otra parte, se ha demostrado que los pacientes con latigazo cervical y mareo cervicog\u00e9nico presentan problemas de equilibrio a la hora de estar de pie.<\/p>\n<p>A la hora de diagnosticar los mareos cervicales, ser\u00e1 preciso realizar un examen exhaustivo de la columna vertebral por nuestros especialistas. Adem\u00e1s, se llevar\u00e1 a cabo un diagn\u00f3stico diferencial con otras patolog\u00edas relacionadas con problemas vestibulares, craneales, neurol\u00f3gicos o problemas visuales.<\/p>\n<p>El tratamiento con fisioterapia y\/o electroterapia, utilizados en <a href=\"https:\/\/www.cesmar.es\/\" target=\"_blank\" rel=\"noopener\">Cesmar<\/a>, es una de las mejores opciones. Mediante nuestro tratamiento, se consigue liberar la musculatura de la zona cervical, aliviando as\u00ed la comprensi\u00f3n de la arteria vertebral; eliminando los componentes inflamatorios, recuperando el rango de movimiento perdido, y estabilizando el proceso artr\u00f3sico que pueda haber presente. De esta forma, el dolor y su sintomatolog\u00eda se ve mejorada con pocas sesiones.<\/p>\n<p>&nbsp;<\/p>\n","protected":false},"excerpt":{"rendered":"<p>Algunas personas experimentan mareos relacionados con problemas en el cuello, a los que se conoce como mareos c&eacute;rvicog&eacute;nicos. Es com&uacute;n encontrar pacientes cuyos s&iacute;ntomas se pueden llegar a prologar hasta horas. El mareo c&eacute;rvico g&eacute;nico o mareo de origen cervical suele confundirse con el v&eacute;rtigo de origen vestibular. Se puede definir el mareo cervical como [&hellip;]<\/p>\n","protected":false},"author":1,"featured_media":818,"comment_status":"closed","ping_status":"closed","sticky":false,"template":"","format":"standard","meta":{"_et_pb_use_builder":"","_et_pb_old_content":"","_et_gb_content_width":"","footnotes":""},"categories":[50],"tags":[],"class_list":["post-816","post","type-post","status-publish","format-standard","has-post-thumbnail","hentry","category-mareo-cervical"],"_links":{"self":[{"href":"https:\/\/tractamentdeldolor.com\/es\/wp-json\/wp\/v2\/posts\/816","targetHints":{"allow":["GET"]}}],"collection":[{"href":"https:\/\/tractamentdeldolor.com\/es\/wp-json\/wp\/v2\/posts"}],"about":[{"href":"https:\/\/tractamentdeldolor.com\/es\/wp-json\/wp\/v2\/types\/post"}],"author":[{"embeddable":true,"href":"https:\/\/tractamentdeldolor.com\/es\/wp-json\/wp\/v2\/users\/1"}],"replies":[{"embeddable":true,"href":"https:\/\/tractamentdeldolor.com\/es\/wp-json\/wp\/v2\/comments?post=816"}],"version-history":[{"count":0,"href":"https:\/\/tractamentdeldolor.com\/es\/wp-json\/wp\/v2\/posts\/816\/revisions"}],"wp:featuredmedia":[{"embeddable":true,"href":"https:\/\/tractamentdeldolor.com\/es\/wp-json\/wp\/v2\/media\/818"}],"wp:attachment":[{"href":"https:\/\/tractamentdeldolor.com\/es\/wp-json\/wp\/v2\/media?parent=816"}],"wp:term":[{"taxonomy":"category","embeddable":true,"href":"https:\/\/tractamentdeldolor.com\/es\/wp-json\/wp\/v2\/categories?post=816"},{"taxonomy":"post_tag","embeddable":true,"href":"https:\/\/tractamentdeldolor.com\/es\/wp-json\/wp\/v2\/tags?post=816"}],"curies":[{"name":"wp","href":"https:\/\/api.w.org\/{rel}","templated":true}]}}